{"id":707,"date":"2011-12-04T22:20:31","date_gmt":"2011-12-04T21:20:31","guid":{"rendered":"http:\/\/kp.nu\/?p=707"},"modified":"2011-12-04T22:20:31","modified_gmt":"2011-12-04T21:20:31","slug":"kp-hos-tidningen-dagen","status":"publish","type":"post","link":"https:\/\/kp.nu\/?p=707","title":{"rendered":"KP hos tidningen Dagen"},"content":{"rendered":"<p><strong>Tidningen Dagen ligger nu i ett gammalt bryggeri p\u00e5 Kungsholmen. Och det gamla Dagenhuset p\u00e5 Stora Essingen \u00e4gs numera av nykterhetsorganisationen IOGT-NTO. Kanske det s\u00e4ger n\u00e5got om f\u00f6r\u00e4ndringens vindar som nu inneb\u00e4r att samfunden l\u00e4mnat \u00f6ver kontrollen av f\u00f6retaget till den norska kristna mediekokoncernen Mentor Media. Chefredakt\u00f6ren Daniel Grahn ber\u00e4ttade i samband med KP:s \u00e5rsm\u00f6te den 1 december i tidningens redaktionslokaler om nul\u00e4get och framtiden f\u00f6r den kristna dagstidningen.<\/strong><\/p>\n<p>En g\u00e5ng bryggde de allts\u00e5 Sankt Eriks \u00f6l i huset vid Kungsholms torg. Men n\u00e4r vi kommer p\u00e5 bes\u00f6k r\u00e5der febril aktivitet n\u00e4r sista handen l\u00e4ggs vid tidningen. Av sidorna i n\u00e4sta dags upplaga som nu satts upp p\u00e5 v\u00e4ggen framg\u00e5r bland annat Lars Adaktusson aldrig haft f\u00f6r avsikt att kandidera f\u00f6r KD. Tidningen toppar g\u00e4rna fortfarande med en bra nyhet.<\/p>\n<p>&#8211;       Det \u00e4r fortfarande viktigt med bra nyheter och en bra opinionssida. Men tidningen var nog mer konfrontativ tidigare, erk\u00e4nner Daniel Grahn som dock g\u00e4rna driver kampanjer med hj\u00e4lp av tidningen.<\/p>\n<p>Och s\u00e5 ritar han upp \u00e4garstrukturen p\u00e5 tavlan i konferensrummet. Dagen som en g\u00e5ng i tiden \u00e4gdes till hundra procent av Pingstr\u00f6relsen och p\u00e5 senare \u00e5r ytterligare ett par samfund \u00e4gs nu allts\u00e5 av ett norskt f\u00f6retag. Mentor Media som bland annat ger ut tidningen V\u00e5rt Land i Norge \u00e4ger Dagen ocks\u00e5 det svenska f\u00f6rlaget Libris och dejtingsajten Sjunde Himlen (Solid love). D\u00e4rtill finns ocks\u00e5 ett webbutvecklingsf\u00f6retag, Improove, \u00d6ver f\u00f6retagen sv\u00e4var Swedmedia Och ovanf\u00f6r det allts\u00e5 Mentor Media.<\/p>\n<p>Dagen som har \u00f6ver 50 anst\u00e4llda ser just nu f\u00f6r f\u00f6rsta g\u00e5ngen p\u00e5 en tid en positiv upplagetrend.<\/p>\n<p>&#8211;       Upplageutvecklingen har v\u00e4nt upp\u00e5t. Vi har omkring 17 000 i upplaga. Det \u00e4r mycket positivt.<\/p>\n<p>Vad beror det p\u00e5?<\/p>\n<p>&#8211;       Det kan bero p\u00e5 nya omg\u00f6rningen av tidningen med bland annat nya avdelningar. Och sedan har vi g\u00e5tt \u00f6ver till telemarketing i st\u00e4llet f\u00f6r att l\u00e5ta anst\u00e4llda s\u00e4lja prenumerationer.<\/p>\n<p>Bilagorna Du och jag som undertecknad upplever som revolutionerande nyskapande och ungdomsmagasinet Ikon \u00e4r ocks\u00e5 Dagenproduktioner. Men problemet \u00e4r att de inte orkat h\u00e4mta tillbaka nedg\u00e5ngen av annonsf\u00f6rs\u00e4ljningen sedan f\u00f6rra finanskrisen. D\u00e4rf\u00f6r g\u00e5r den 66-\u00e5riga tidningen med back med miljonbelopp i \u00e5r. Har \u00e4garna t\u00e5lamod med fortsatta f\u00f6rluster?<\/p>\n<p>&#8211;       Vi m\u00e5ste presentera \u00e5tg\u00e4rder som g\u00f6r att det v\u00e4nder n\u00e4sta \u00e5r. Men de har ett helt annat t\u00e5lamod \u00e4n samfunden eftersom Mentor Media har 70-80 miljoner i kassan, f\u00f6rklarar Daniel Grahn.<\/p>\n<p>Ocks\u00e5 V\u00e4rlden idag dras med f\u00f6rluster och Sverre Larsson och Ulf Ekman \u00e5ker land och rike runt f\u00f6r att samla ihop pengar f\u00f6r att r\u00e4dda tidningen. Kommer V\u00e4rlden idag att \u00f6verleva utan ett starkt f\u00f6retag i ryggen?<\/p>\n<p>&#8211;       Jag tror att de \u00f6verlever. Man m\u00e5ste ge V\u00e4rlden i dag cred f\u00f6r att de lyckats etablera sig.<\/p>\n<p>M\u00f6tet i Dagens lokaler avslutades med \u00e5rsm\u00f6te f\u00f6r Kristna Publicistf\u00f6rbundet. Den sittande styrelsen med Stanley Almqvist, Rolf Bromme, Carin Stenstr\u00f6m, Felicia Svaeren, Haore Sulaiman, Helena Hallsr\u00f6m och Mikael Kindbom omvaldes. P\u00e5 grund av det klena intresset p\u00e5 de senaste \u00e5rens lunchm\u00f6te klubbade \u00e5rsm\u00f6tet igenom att s\u00f6ka samarbetspartner, kontakter har tagits med bland annat Kaggeholms Folkh\u00f6gskolas medielinje f\u00f6r att \u00e5stadkomma n\u00e5got tillsammans. Detta f\u00e5r styrelsen i uppdrag att \u00e5terkommer med till n\u00e4sta \u00e5rsm\u00f6te.<\/p>\n<p style=\"text-align: right;\"><span style=\"color: #888888;\"><em>Mikael Kindbom<br \/>\nordf.<\/em><\/span><\/p>\n","protected":false},"excerpt":{"rendered":"<p>Tidningen Dagen ligger nu i ett gammalt bryggeri p\u00e5 Kungsholmen. Och det gamla Dagenhuset p\u00e5 Stora Essingen \u00e4gs numera av nykterhetsorganisationen IOGT-NTO. Kanske det s\u00e4ger n\u00e5got om f\u00f6r\u00e4ndringens vindar som nu inneb\u00e4r att samfunden l\u00e4mnat \u00f6ver kontrollen av f\u00f6retaget till den norska kristna mediekokoncernen Mentor Media. Chefredakt\u00f6ren Daniel Grahn ber\u00e4ttade i samband med KP:s \u00e5rsm\u00f6te [&#8230;]<\/p>\n","protected":false},"author":1,"featured_media":0,"comment_status":"open","ping_status":"open","sticky":false,"template":"","format":"standard","meta":{"footnotes":""},"categories":[3],"tags":[],"class_list":["post-707","post","type-post","status-publish","format-standard","hentry","category-kp-mote","odd"],"_links":{"self":[{"href":"https:\/\/kp.nu\/index.php?rest_route=\/wp\/v2\/posts\/707","targetHints":{"allow":["GET"]}}],"collection":[{"href":"https:\/\/kp.nu\/index.php?rest_route=\/wp\/v2\/posts"}],"about":[{"href":"https:\/\/kp.nu\/index.php?rest_route=\/wp\/v2\/types\/post"}],"author":[{"embeddable":true,"href":"https:\/\/kp.nu\/index.php?rest_route=\/wp\/v2\/users\/1"}],"replies":[{"embeddable":true,"href":"https:\/\/kp.nu\/index.php?rest_route=%2Fwp%2Fv2%2Fcomments&post=707"}],"version-history":[{"count":1,"href":"https:\/\/kp.nu\/index.php?rest_route=\/wp\/v2\/posts\/707\/revisions"}],"predecessor-version":[{"id":708,"href":"https:\/\/kp.nu\/index.php?rest_route=\/wp\/v2\/posts\/707\/revisions\/708"}],"wp:attachment":[{"href":"https:\/\/kp.nu\/index.php?rest_route=%2Fwp%2Fv2%2Fmedia&parent=707"}],"wp:term":[{"taxonomy":"category","embeddable":true,"href":"https:\/\/kp.nu\/index.php?rest_route=%2Fwp%2Fv2%2Fcategories&post=707"},{"taxonomy":"post_tag","embeddable":true,"href":"https:\/\/kp.nu\/index.php?rest_route=%2Fwp%2Fv2%2Ftags&post=707"}],"curies":[{"name":"wp","href":"https:\/\/api.w.org\/{rel}","templated":true}]}}